{"id":1058,"date":"2020-03-14T06:54:08","date_gmt":"2020-03-14T05:54:08","guid":{"rendered":"https:\/\/linke-bw.de\/ostfildern\/?p=1058"},"modified":"2020-03-14T06:58:30","modified_gmt":"2020-03-14T05:58:30","slug":"die-moritat-von-vonovia-und-dem-mieterprotest","status":"publish","type":"post","link":"https:\/\/linke-bw.de\/ostfildern\/2020\/03\/14\/die-moritat-von-vonovia-und-dem-mieterprotest\/","title":{"rendered":"Die Moritat von VONOVIA und dem Mieterprotest"},"content":{"rendered":"\n<p style=\"text-align:center\" class=\"has-normal-font-size\"><strong>Und der Haifisch hat nur Z\u00e4hne,<br>und die tr\u00e4gt er im Gesicht,<br>doch VONOVIA sch\u00e4ndet Mieter<br>durch Zwangsr\u00e4umung und Mietwucher &#8230;<\/strong><\/p>\n\n\n\n<p>Mehr zu den Hintergr\u00fcnden und Aktionsm\u00f6glichkeiten im Video <a rel=\"noreferrer noopener\" aria-label=\"#Vonovia enteignen! Aktionstag zum Housing Action Day in Stuttgart (\u00f6ffnet in neuem Tab)\" href=\"https:\/\/www.youtube.com\/watch?v=hkYFNkIOCt0\" target=\"_blank\">#Vonovia enteignen! Aktionstag zum Housing Action Day in Stuttgart<\/a><br><br><em>Die <a href=\"https:\/\/mieterinitiativen-stuttgart.de\/tag\/vonovia\/\" target=\"_blank\" rel=\"noreferrer noopener\" aria-label=\"Mieterinitiative der VONOVIA Mieter Region Stuttgart (\u00f6ffnet in neuem Tab)\">Mieterinitiative der <\/a><strong><a href=\"https:\/\/mieterinitiativen-stuttgart.de\/tag\/vonovia\/\" target=\"_blank\" rel=\"noreferrer noopener\" aria-label=\"Mieterinitiative der VONOVIA Mieter Region Stuttgart (\u00f6ffnet in neuem Tab)\">VONOVIA Mieter Region Stuttgart<\/a><\/strong> hat zusammen  mit dem <strong><a rel=\"noreferrer noopener\" aria-label=\"Aktionsb\u00fcndnis Recht auf Wohnen (\u00f6ffnet in neuem Tab)\" href=\"https:\/\/www.youtube.com\/channel\/UCIepLLhXuFannHcm6itV1ow\" target=\"_blank\">Aktionsb\u00fcndnis Recht auf Wohnen<\/a><\/strong> am 10. M\u00e4rz eine Aktion vor dem  B\u00fcro des Immobilienkonzerns in Stuttgart durchgef\u00fchrt. Es wurde eine  Enteignen-Urkunde angebracht und ein Moritat verlesen.<\/em><\/p>\n","protected":false},"excerpt":{"rendered":"<p>Und der Haifisch hat nur Z\u00e4hne,und die tr\u00e4gt er im Gesicht,doch VONOVIA sch\u00e4ndet Mieterdurch Zwangsr\u00e4umung und Mietwucher &#8230; Mehr zu den Hintergr\u00fcnden und Aktionsm\u00f6glichkeiten im Video #Vonovia enteignen! Aktionstag zum Housing Action Day in Stuttgart Die Mieterinitiative der VONOVIA Mieter Region Stuttgart hat zusammen mit dem Aktionsb\u00fcndnis Recht auf Wohnen am 10. M\u00e4rz eine Aktion &hellip; <\/p>\n<p class=\"link-more\"><a href=\"https:\/\/linke-bw.de\/ostfildern\/2020\/03\/14\/die-moritat-von-vonovia-und-dem-mieterprotest\/\" class=\"more-link\"><span class=\"screen-reader-text\">\u201eDie Moritat von VONOVIA und dem Mieterprotest\u201c<\/span> weiterlesen<\/a><\/p>\n","protected":false},"author":212,"featured_media":1059,"comment_status":"closed","ping_status":"closed","sticky":false,"template":"","format":"standard","meta":{"ngg_post_thumbnail":0},"categories":[1,2,3,4],"tags":[],"_links":{"self":[{"href":"https:\/\/linke-bw.de\/ostfildern\/wp-json\/wp\/v2\/posts\/1058"}],"collection":[{"href":"https:\/\/linke-bw.de\/ostfildern\/wp-json\/wp\/v2\/posts"}],"about":[{"href":"https:\/\/linke-bw.de\/ostfildern\/wp-json\/wp\/v2\/types\/post"}],"author":[{"embeddable":true,"href":"https:\/\/linke-bw.de\/ostfildern\/wp-json\/wp\/v2\/users\/212"}],"replies":[{"embeddable":true,"href":"https:\/\/linke-bw.de\/ostfildern\/wp-json\/wp\/v2\/comments?post=1058"}],"version-history":[{"count":6,"href":"https:\/\/linke-bw.de\/ostfildern\/wp-json\/wp\/v2\/posts\/1058\/revisions"}],"predecessor-version":[{"id":1065,"href":"https:\/\/linke-bw.de\/ostfildern\/wp-json\/wp\/v2\/posts\/1058\/revisions\/1065"}],"wp:featuredmedia":[{"embeddable":true,"href":"https:\/\/linke-bw.de\/ostfildern\/wp-json\/wp\/v2\/media\/1059"}],"wp:attachment":[{"href":"https:\/\/linke-bw.de\/ostfildern\/wp-json\/wp\/v2\/media?parent=1058"}],"wp:term":[{"taxonomy":"category","embeddable":true,"href":"https:\/\/linke-bw.de\/ostfildern\/wp-json\/wp\/v2\/categories?post=1058"},{"taxonomy":"post_tag","embeddable":true,"href":"https:\/\/linke-bw.de\/ostfildern\/wp-json\/wp\/v2\/tags?post=1058"}],"curies":[{"name":"wp","href":"https:\/\/api.w.org\/{rel}","templated":true}]}}