{"id":1435,"date":"2020-11-02T08:18:04","date_gmt":"2020-11-02T07:18:04","guid":{"rendered":"https:\/\/linke-bw.de\/ostfildern\/?p=1435"},"modified":"2020-11-02T08:18:04","modified_gmt":"2020-11-02T07:18:04","slug":"stereotype-aeusserungen-von-landrat-eininger-zu-reiserueckkehrer-innen","status":"publish","type":"post","link":"https:\/\/linke-bw.de\/ostfildern\/2020\/11\/02\/stereotype-aeusserungen-von-landrat-eininger-zu-reiserueckkehrer-innen\/","title":{"rendered":"Stereotype \u00c4u\u00dferungen von Landrat Eininger zu Reiser\u00fcckkehrer\/innen"},"content":{"rendered":"\n<div class=\"wp-block-media-text alignwide is-stacked-on-mobile\"><figure class=\"wp-block-media-text__media\"><img loading=\"lazy\" width=\"350\" height=\"50\" src=\"https:\/\/linke-bw.de\/ostfildern\/files\/2020\/11\/DIE-LINKE.-Kreistag-Esslingen.jpg\" alt=\"\" class=\"wp-image-1436\" srcset=\"https:\/\/linke-bw.de\/ostfildern\/files\/2020\/11\/DIE-LINKE.-Kreistag-Esslingen.jpg 350w, https:\/\/linke-bw.de\/ostfildern\/files\/2020\/11\/DIE-LINKE.-Kreistag-Esslingen-300x43.jpg 300w\" sizes=\"(max-width: 350px) 100vw, 350px\" \/><\/figure><div class=\"wp-block-media-text__content\">\n<p><strong>Pressemitteilung der <\/strong><br><strong>Fraktion DIE LINKE im Kreistag Esslingen und <\/strong><br><strong>DIE LINKE. Kreisverband Esslingen<\/strong><\/p>\n<\/div><\/div>\n\n\n\n<p>Die Linksfraktion im Kreistag Esslingen und der Kreisverband der Partei DIE LINKE kritisieren die Aussagen von Landrat Heinz Eininger im Gespr\u00e4ch mit der Esslinger Zeitung zum aktuellen Infektionsgeschehen im Landkreis Esslingen. Darin \u00e4u\u00dfert dieser sich in unsachlicher und stereotyper Weise \u00fcber die Reiser\u00fcckkehrer\/innen aus der T\u00fcrkei. <br>Landrat Eininger erweckt dabei den Anschein, dass vor allem t\u00fcrkischst\u00e4mmige Mitb\u00fcrger\/innen am aktuell steigenden Infektionsgeschehen im Landkreis verantwortlich seien, ohne daf\u00fcr belastbare Zahlen zu nennen.<\/p>\n\n\n\n<p>Besonders kritikw\u00fcrdig sind nach Ansicht des stellvertretenden Fraktionsvorsitzenden Marc Dreher, die Aussagen, dass die Virusketten vor allem durch die Feier \u201e<em>einer dritten Halbzeit beim Fu\u00dfball<\/em>\u201c oder \u201e<em>im engen Kreis an der gleichen Wasserpfeife nuckeln<\/em>\u201c entstanden seien. \u201e<em>Herr Landrat Eininger stellt damit stereotype Aussagen ohne belegbare Nachweise auf, wie ein T\u00fcrkeiurlaub seiner Fantasie nach anscheinend abl\u00e4uft. Damit diskriminiert er nicht nur in pauschalisierender Weise diejenigen t\u00fcrkischen Mitb\u00fcrger\/innen, die sich auch in ihrem Urlaub in der T\u00fcrkei vorbildlich benommen haben. Er kreiert zudem S\u00fcndenb\u00f6cke, die man nun f\u00fcr den zweiten Lockdown verantwortlich machen kann. Angesichts der angespannten gesellschaftlichen Stimmung und einem wachsenden Rassismus sind diese klischeehaften \u00c4u\u00dferungen v\u00f6llig fehl am Platz<\/em>\u201c. <br><br>Anil Besli, Mitglied des Kreisvorstands und Landtagskandidat f\u00fcr den Wahlkreis N\u00fcrtingen, erg\u00e4nzt: \u201e<em>Den ganzen Sommer \u00fcber waren Menschen aus Deutschland in anderen L\u00e4ndern im Urlaub. Das kann man aufgrund des Infektionsrisikos zu Recht kritisch sehen. Dass nun jedoch speziell t\u00fcrkischst\u00e4mmige Menschen in solch polemischer Art von Landrat Eininger daf\u00fcr verantwortlich gemacht werden, ist inakzeptabel. Ich erwarte hier eine deutliche Entschuldigung<\/em>.\u201c<\/p>\n\n\n\n<p><strong>Fraktion DIE LINKE. im Kreistag Esslingen<\/strong><\/p>\n\n\n\n<ul><li><strong>Martin Auerbach<\/strong> (Esslingen am Neckar)<\/li><li><strong>Marc Dreher<\/strong> (Ostfildern)<\/li><li><strong>Peter Rauscher<\/strong> (N\u00fcrtingen)<\/li><li><strong>Reinhold Riedel<\/strong> (Esslingen am Neckar)<\/li><\/ul>\n\n\n\n<p><strong>Anil Besli<\/strong>, Sprecher DIE LINKE. Ortsverband Filder, Mitglied im Vorstand DIE LINKE. Kreisverband Esslingen, Kandidat f\u00fcr die Landtagswahl im Wahlkreis 09 N\u00fcrtingen<\/p>\n","protected":false},"excerpt":{"rendered":"<p>Pressemitteilung der Fraktion DIE LINKE im Kreistag Esslingen und DIE LINKE. Kreisverband Esslingen Die Linksfraktion im Kreistag Esslingen und der Kreisverband der Partei DIE LINKE kritisieren die Aussagen von Landrat Heinz Eininger im Gespr\u00e4ch mit der Esslinger Zeitung zum aktuellen Infektionsgeschehen im Landkreis Esslingen. Darin \u00e4u\u00dfert dieser sich in unsachlicher und stereotyper Weise \u00fcber die &hellip; <\/p>\n<p class=\"link-more\"><a href=\"https:\/\/linke-bw.de\/ostfildern\/2020\/11\/02\/stereotype-aeusserungen-von-landrat-eininger-zu-reiserueckkehrer-innen\/\" class=\"more-link\"><span class=\"screen-reader-text\">\u201eStereotype \u00c4u\u00dferungen von Landrat Eininger zu Reiser\u00fcckkehrer\/innen\u201c<\/span> weiterlesen<\/a><\/p>\n","protected":false},"author":212,"featured_media":0,"comment_status":"closed","ping_status":"closed","sticky":false,"template":"","format":"standard","meta":{"ngg_post_thumbnail":0},"categories":[1],"tags":[],"_links":{"self":[{"href":"https:\/\/linke-bw.de\/ostfildern\/wp-json\/wp\/v2\/posts\/1435"}],"collection":[{"href":"https:\/\/linke-bw.de\/ostfildern\/wp-json\/wp\/v2\/posts"}],"about":[{"href":"https:\/\/linke-bw.de\/ostfildern\/wp-json\/wp\/v2\/types\/post"}],"author":[{"embeddable":true,"href":"https:\/\/linke-bw.de\/ostfildern\/wp-json\/wp\/v2\/users\/212"}],"replies":[{"embeddable":true,"href":"https:\/\/linke-bw.de\/ostfildern\/wp-json\/wp\/v2\/comments?post=1435"}],"version-history":[{"count":2,"href":"https:\/\/linke-bw.de\/ostfildern\/wp-json\/wp\/v2\/posts\/1435\/revisions"}],"predecessor-version":[{"id":1438,"href":"https:\/\/linke-bw.de\/ostfildern\/wp-json\/wp\/v2\/posts\/1435\/revisions\/1438"}],"wp:attachment":[{"href":"https:\/\/linke-bw.de\/ostfildern\/wp-json\/wp\/v2\/media?parent=1435"}],"wp:term":[{"taxonomy":"category","embeddable":true,"href":"https:\/\/linke-bw.de\/ostfildern\/wp-json\/wp\/v2\/categories?post=1435"},{"taxonomy":"post_tag","embeddable":true,"href":"https:\/\/linke-bw.de\/ostfildern\/wp-json\/wp\/v2\/tags?post=1435"}],"curies":[{"name":"wp","href":"https:\/\/api.w.org\/{rel}","templated":true}]}}