{"id":6206,"date":"2021-03-09T22:32:32","date_gmt":"2021-03-09T20:32:32","guid":{"rendered":"https:\/\/ov-esslingen.die-linke-bw.de\/?p=6206"},"modified":"2021-03-09T22:32:32","modified_gmt":"2021-03-09T20:32:32","slug":"trott-war-mehr-als-eine-zeitung","status":"publish","type":"post","link":"https:\/\/linke-bw.de\/ostfildern\/2021\/03\/09\/trott-war-mehr-als-eine-zeitung\/","title":{"rendered":"Trott-war \u2013 mehr als eine Zeitung."},"content":{"rendered":"<p><strong><img loading=\"lazy\" class=\"alignleft size-medium wp-image-6207\" src=\"https:\/\/ov-esslingen.die-linke-bw.de\/files\/2021\/03\/02_trottwar_atem-300x169.jpg\" alt=\"\" width=\"300\" height=\"169\">Live Talk<\/strong> <strong>am 10.03.2021 um 19:30 Uhr<\/strong><br \/>\nmit Helmut Schmid<br \/>\nEr ist der Gesch\u00e4ftsf\u00fchrer und Chefredakteur der Stra\u00dfenzeitung Trott-war und hat den dahinter stehenden Verein 1994 selbst mitgegr\u00fcndet.<\/p>\n<p><!--more-->Trott-war hat sich unter seiner Leitung zu einer der professionellsten Stra\u00dfenzeitungen in Deutschland mit einer monatlichen Auflage von 30.000 Exemplaren entwickelt.<br \/>\nCa. 170 Verkaufende bieten die Zeitung im Gro\u00dfraum Stuttgart und zwischen Heidelberg, Ulm, Aalen und Pforzheim an.<br \/>\nNeben der Stra\u00dfenzeitung betreibt der Verein die Galerie Trott-Art, das \u201eSpende Dein Pfandprojekt\u201c, die Alternative Stadtf\u00fchrung und die Trott-war Theatergruppe.<br \/>\nAuch eine Grabanlage als letzte Ruhest\u00e4tte f\u00fcr ehemalige Verk\u00e4ufer betreibt der Verein.<\/p>\n<p>Livestream: <a href=\"https:\/\/www.youtube.com\/watch?v=GVjXZiwZBEA\" target=\"_blank\" rel=\"noopener noreferrer\">https:\/\/www.youtube.com\/watch?v=GVjXZiwZBEA<\/a><\/p>\n<p>Location mit freundlicher Unterst\u00fctzung durch Bert Heim &amp; Team: https:\/\/die-zeitgenossen.de\/<\/p>\n<p>#linksbWegt #LINKEindenLandtag #ltwbw #dieLinkeTV #DieLinke #BaW\u00fcKandidatInnen #stuttgart #trott-war #martinauerbach #HelmutSchmid<\/p>\n","protected":false},"excerpt":{"rendered":"<p>Live Talk am 10.03.2021 um 19:30 Uhr mit Helmut Schmid Er ist der Gesch\u00e4ftsf\u00fchrer und Chefredakteur der Stra\u00dfenzeitung Trott-war und hat den dahinter stehenden Verein 1994 selbst mitgegr\u00fcndet.<\/p>\n","protected":false},"author":184,"featured_media":0,"comment_status":"closed","ping_status":"open","sticky":false,"template":"","format":"standard","meta":{"ngg_post_thumbnail":0},"categories":[1],"tags":[],"_links":{"self":[{"href":"https:\/\/linke-bw.de\/ostfildern\/wp-json\/wp\/v2\/posts\/6206"}],"collection":[{"href":"https:\/\/linke-bw.de\/ostfildern\/wp-json\/wp\/v2\/posts"}],"about":[{"href":"https:\/\/linke-bw.de\/ostfildern\/wp-json\/wp\/v2\/types\/post"}],"author":[{"embeddable":true,"href":"https:\/\/linke-bw.de\/ostfildern\/wp-json\/wp\/v2\/users\/184"}],"replies":[{"embeddable":true,"href":"https:\/\/linke-bw.de\/ostfildern\/wp-json\/wp\/v2\/comments?post=6206"}],"version-history":[{"count":0,"href":"https:\/\/linke-bw.de\/ostfildern\/wp-json\/wp\/v2\/posts\/6206\/revisions"}],"wp:attachment":[{"href":"https:\/\/linke-bw.de\/ostfildern\/wp-json\/wp\/v2\/media?parent=6206"}],"wp:term":[{"taxonomy":"category","embeddable":true,"href":"https:\/\/linke-bw.de\/ostfildern\/wp-json\/wp\/v2\/categories?post=6206"},{"taxonomy":"post_tag","embeddable":true,"href":"https:\/\/linke-bw.de\/ostfildern\/wp-json\/wp\/v2\/tags?post=6206"}],"curies":[{"name":"wp","href":"https:\/\/api.w.org\/{rel}","templated":true}]}}