{"id":6213,"date":"2021-03-11T23:36:03","date_gmt":"2021-03-11T21:36:03","guid":{"rendered":"https:\/\/ov-esslingen.die-linke-bw.de\/?p=6213"},"modified":"2021-03-11T23:36:03","modified_gmt":"2021-03-11T21:36:03","slug":"fuer-die-jugend-in-den-landtag","status":"publish","type":"post","link":"https:\/\/linke-bw.de\/ostfildern\/2021\/03\/11\/fuer-die-jugend-in-den-landtag\/","title":{"rendered":"F\u00fcr die Jugend in den Landtag"},"content":{"rendered":"<p><strong><img loading=\"lazy\" class=\"alignleft size-medium wp-image-6214\" src=\"https:\/\/ov-esslingen.die-linke-bw.de\/files\/2021\/03\/02_simon_atem-300x169.jpg\" alt=\"\" width=\"300\" height=\"169\">Live Talk<\/strong> <strong>am 12.03.2021 um 19:30 Uhr<\/strong><br \/>\nmit Simon Brecht Landtagskandidat f\u00fcr Hohenlohe, Landesgesch\u00e4ftsf\u00fchrer linksjugend [\u2018solid] BW.<\/p>\n<p><span class=\"style-scope yt-formatted-string\" dir=\"auto\">Moderation: Martin Auerbach Landtagskandidat f\u00fcr Esslingen.<\/span><\/p>\n<p><!--more--><\/p>\n<p>\u201cDie Jugend ist im Landtag unterrepr\u00e4sentiert, das Durchschnittsalter dort liegt bei knapp 57 Jahren. Um die Fragen der Zukunft anzugehen braucht es DIE LINKE im Landtag. Die Themen Beteiligung der Jungend, Klimaschutz oder Arbeit werden von den anderen Parteien entweder gar nicht wahrgenommen und nicht richtig behandelt. Wir brauchen mehr junge Menschen und eine andere Politik. Ich m\u00f6chte gerne \u00fcber diese Aspekte sprechen und sagen warum diese konsequent nur mit uns angegangen werden. Ich bin seit einem Jahr Landesgesch\u00e4ftsf\u00fchrer der linksjugend [\u2018solid] BW, Kandidat im Wahlkreis 21 \u2013 Hohenlohe und Schatzmeister meines Kreisverbands.\u201d<\/p>\n<p>Livestream: <a href=\"https:\/\/www.youtube.com\/watch?v=bgLWpiPg6Kk\" target=\"_blank\" rel=\"noopener noreferrer\">https:\/\/www.youtube.com\/watch?v=bgLWpiPg6Kk<\/a><\/p>\n<p>Location mit freundlicher Unterst\u00fctzung durch Bert Heim &amp; Team: https:\/\/die-zeitgenossen.de\/<\/p>\n<p>#linksbWegt #LINKEindenLandtag #ltwbw #dieLinkeTV #DieLinke #BaW\u00fc #SimonBrecht #esslingen #MartinAuerbach #SimonBrecht #hohenlohe #linksjugend #solid<\/p>\n","protected":false},"excerpt":{"rendered":"<p>Live Talk am 12.03.2021 um 19:30 Uhr mit Simon Brecht Landtagskandidat f\u00fcr Hohenlohe, Landesgesch\u00e4ftsf\u00fchrer linksjugend [\u2018solid] BW. Moderation: Martin Auerbach Landtagskandidat f\u00fcr Esslingen.<\/p>\n","protected":false},"author":184,"featured_media":0,"comment_status":"closed","ping_status":"open","sticky":false,"template":"","format":"standard","meta":{"ngg_post_thumbnail":0},"categories":[1],"tags":[],"_links":{"self":[{"href":"https:\/\/linke-bw.de\/ostfildern\/wp-json\/wp\/v2\/posts\/6213"}],"collection":[{"href":"https:\/\/linke-bw.de\/ostfildern\/wp-json\/wp\/v2\/posts"}],"about":[{"href":"https:\/\/linke-bw.de\/ostfildern\/wp-json\/wp\/v2\/types\/post"}],"author":[{"embeddable":true,"href":"https:\/\/linke-bw.de\/ostfildern\/wp-json\/wp\/v2\/users\/184"}],"replies":[{"embeddable":true,"href":"https:\/\/linke-bw.de\/ostfildern\/wp-json\/wp\/v2\/comments?post=6213"}],"version-history":[{"count":0,"href":"https:\/\/linke-bw.de\/ostfildern\/wp-json\/wp\/v2\/posts\/6213\/revisions"}],"wp:attachment":[{"href":"https:\/\/linke-bw.de\/ostfildern\/wp-json\/wp\/v2\/media?parent=6213"}],"wp:term":[{"taxonomy":"category","embeddable":true,"href":"https:\/\/linke-bw.de\/ostfildern\/wp-json\/wp\/v2\/categories?post=6213"},{"taxonomy":"post_tag","embeddable":true,"href":"https:\/\/linke-bw.de\/ostfildern\/wp-json\/wp\/v2\/tags?post=6213"}],"curies":[{"name":"wp","href":"https:\/\/api.w.org\/{rel}","templated":true}]}}