{"id":6308,"date":"2021-05-31T20:59:23","date_gmt":"2021-05-31T18:59:23","guid":{"rendered":"https:\/\/linke-bw.de\/ostfildern\/?p=6308"},"modified":"2021-05-31T21:00:44","modified_gmt":"2021-05-31T19:00:44","slug":"b27-ausbauen-sehen-zukunftsfaehige-mobilitaet-und-klimaschutz-so-aus","status":"publish","type":"post","link":"https:\/\/linke-bw.de\/ostfildern\/2021\/05\/31\/b27-ausbauen-sehen-zukunftsfaehige-mobilitaet-und-klimaschutz-so-aus\/","title":{"rendered":"B27 ausbauen? Sehen zukunftsf\u00e4hige Mobilit\u00e4t und Klimaschutz so aus?"},"content":{"rendered":"<h3>Wir sagen <strong>NEIN zum sechsspurigen Ausbau der B 27<\/strong><br \/>\nvon Aichtal \u00fcber Filderstadt bis Leinfelden-Echterdingen.<\/h3>\n<p style=\"text-align: right\"><a href=\"https:\/\/rp.baden-wuerttemberg.de\/rps\/abt4\/ref44\/seiten\/b27-aichtal-le\/\" target=\"_blank\" rel=\"noopener noreferrer\">LINK auf die Webseite des Regierungspr\u00e4sidiums Baden-W\u00fcrttemberg<br \/>\nzum Projekt B 27 &#8211; sechsstreifiger Ausbau zwischen<br \/>\nAichtal und Leinfelden-Echterdingen\/Nord<\/a><\/p>\n<h3>Wir schliessen uns der Petition der <a href=\"http:\/\/schutzgemeinschaft-filder.de\/home\" target=\"_blank\" rel=\"noopener noreferrer\">Schutzgemeinschaft Filder e.V.&nbsp; <\/a>an und fordern:<\/h3>\n<h2 style=\"text-align: center\"><a href=\"https:\/\/www.openpetition.de\/petition\/online\/keine-weitere-vernichtung-von-landwirtschaftlichem-boden-fuer-den-strassenausbau-verkehrswende-jetzt\" target=\"_blank\" rel=\"noopener noreferrer\"><strong>Keine weitere Vernichtung<br \/>\nvon landwirtschaftlichem Boden<br \/>\nf\u00fcr den <\/strong><strong>Stra\u00dfenausbau<\/strong>&nbsp;<strong>\u2013 Verkehrswende jetzt<\/strong><\/a><\/h2>\n<ul>\n<li style=\"text-align: center\">Wir fordern, den geplanten<strong> Ausbau der Bundesstra\u00dfe B 27<\/strong><br \/>\nvon der Anschlussstelle Aichtal bis Leinfelden-Echterdingen Nord<br \/>\nauf 6 Fahrspuren \u00fcber eine Strecke von 9,5 km <strong>NICHT weiter zu verfolgen<\/strong>, sondern zu <strong>stoppen<\/strong>.<br \/>\nDem Ausbau w\u00fcrden mindestens 20 Hektar \u00fcberwiegend<br \/>\nlandwirtschaftlich genutzte B\u00f6den zum Opfer fallen.<\/li>\n<li style=\"text-align: center\">Wir fordern weiter, nicht allein die B-27 Ausbauplanung auf den Fildern<br \/>\nals Teil des Fernverkehrsgesetzes (Bundestag 2016) auf den Pr\u00fcfstand<br \/>\nzu stellen, sondern auch <strong>s\u00e4mtliche<\/strong> anderen <strong>Stra\u00dfenplanungen<\/strong><br \/>\n<strong>bundesweit<\/strong> in dem Gesetz <strong>unter<\/strong> der<strong> Ma\u00dfgabe des Klimaschutzes<\/strong> zu <strong>pr\u00fcfen<\/strong><b>. <\/b><\/li>\n<\/ul>\n<h3><strong>Unterzeichnen Sie die Petition<\/strong> bis zum bis 17.03.2022 <strong>online<\/strong> <a href=\"https:\/\/www.openpetition.de\/petition\/online\/keine-weitere-vernichtung-von-landwirtschaftlichem-boden-fuer-den-strassenausbau-verkehrswende-jetzt\" target=\"_blank\" rel=\"noopener noreferrer\">HIER<\/a>&nbsp;oder laden Sie <a href=\"https:\/\/die-linke-esslingen.de\/files\/2021\/05\/unterschriftenformular.keine-weitere-vernichtung-von-landwirtschaftlichem-boden-fuer-den-strassenausbau-verkehrswende-jetzt_de_DE.utf8_.pdf\" target=\"_blank\" rel=\"noopener noreferrer\">Unterschriftenformular<\/a> und <a href=\"https:\/\/die-linke-esslingen.de\/files\/2021\/05\/abrisszettel.keine-weitere-vernichtung-von-landwirtschaftlichem-boden-fuer-den-strassenausbau-verkehrswende-jetzt_de_DE.utf8_.pdf\" target=\"_blank\" rel=\"noopener noreferrer\">Abrisszettel<\/a> herunter.<\/h3>\n","protected":false},"excerpt":{"rendered":"<p>Wir sagen NEIN zum sechsspurigen Ausbau der B 27 von Aichtal \u00fcber Filderstadt bis Leinfelden-Echterdingen. LINK auf die Webseite des Regierungspr\u00e4sidiums Baden-W\u00fcrttemberg zum Projekt B 27 &#8211; sechsstreifiger Ausbau zwischen Aichtal und Leinfelden-Echterdingen\/Nord Wir schliessen uns der Petition der Schutzgemeinschaft Filder e.V.&nbsp; an und fordern: Keine weitere Vernichtung von landwirtschaftlichem Boden f\u00fcr den Stra\u00dfenausbau&nbsp;\u2013 Verkehrswende &hellip; <\/p>\n<p class=\"link-more\"><a href=\"https:\/\/linke-bw.de\/ostfildern\/2021\/05\/31\/b27-ausbauen-sehen-zukunftsfaehige-mobilitaet-und-klimaschutz-so-aus\/\" class=\"more-link\"><span class=\"screen-reader-text\">\u201eB27 ausbauen? Sehen zukunftsf\u00e4hige Mobilit\u00e4t und Klimaschutz so aus?\u201c<\/span> weiterlesen<\/a><\/p>\n","protected":false},"author":212,"featured_media":0,"comment_status":"closed","ping_status":"closed","sticky":false,"template":"","format":"standard","meta":{"ngg_post_thumbnail":0},"categories":[24],"tags":[],"_links":{"self":[{"href":"https:\/\/linke-bw.de\/ostfildern\/wp-json\/wp\/v2\/posts\/6308"}],"collection":[{"href":"https:\/\/linke-bw.de\/ostfildern\/wp-json\/wp\/v2\/posts"}],"about":[{"href":"https:\/\/linke-bw.de\/ostfildern\/wp-json\/wp\/v2\/types\/post"}],"author":[{"embeddable":true,"href":"https:\/\/linke-bw.de\/ostfildern\/wp-json\/wp\/v2\/users\/212"}],"replies":[{"embeddable":true,"href":"https:\/\/linke-bw.de\/ostfildern\/wp-json\/wp\/v2\/comments?post=6308"}],"version-history":[{"count":3,"href":"https:\/\/linke-bw.de\/ostfildern\/wp-json\/wp\/v2\/posts\/6308\/revisions"}],"predecessor-version":[{"id":6311,"href":"https:\/\/linke-bw.de\/ostfildern\/wp-json\/wp\/v2\/posts\/6308\/revisions\/6311"}],"wp:attachment":[{"href":"https:\/\/linke-bw.de\/ostfildern\/wp-json\/wp\/v2\/media?parent=6308"}],"wp:term":[{"taxonomy":"category","embeddable":true,"href":"https:\/\/linke-bw.de\/ostfildern\/wp-json\/wp\/v2\/categories?post=6308"},{"taxonomy":"post_tag","embeddable":true,"href":"https:\/\/linke-bw.de\/ostfildern\/wp-json\/wp\/v2\/tags?post=6308"}],"curies":[{"name":"wp","href":"https:\/\/api.w.org\/{rel}","templated":true}]}}