{"id":6424,"date":"2024-04-07T13:06:34","date_gmt":"2024-04-07T11:06:34","guid":{"rendered":"https:\/\/linke-bw.de\/ostfildern\/?p=6424"},"modified":"2024-04-07T13:06:34","modified_gmt":"2024-04-07T11:06:34","slug":"unser-wahlprogramm-fuer-die-wahl-des-kreistags-esslingen","status":"publish","type":"post","link":"https:\/\/linke-bw.de\/ostfildern\/2024\/04\/07\/unser-wahlprogramm-fuer-die-wahl-des-kreistags-esslingen\/","title":{"rendered":"Unser Wahlprogramm f\u00fcr die Wahl des Kreistags Esslingen"},"content":{"rendered":"<p>Ab sofort k\u00f6nnen Sie sich unser in unserem ausf\u00fchrlichen <a href=\"https:\/\/linke-bw.de\/ostfildern\/files\/2024\/04\/Kreistagswahlprogramm_Die-Linke-Kreis-Esslingen_2024.pdf\"><strong>Kreistagswahlprogramm<\/strong><\/a> &#8222;Kreispolitik mit links &#8211; aktiv, solidarisch und \u00f6kologisch nachhaltig&#8220; informieren! Im Zuge der Kommunalwahlen am 09.06.24, wird neben dem Gemeinderat auch der Kreistag des Landkreises Esslingen gew\u00e4hlt. Im Wahlkreis Ostfildern tritt Die Linke mit 6 Kandidatinnen und Kandidaten an.<\/p>\n<p>Platz 1 belegt unser bisheriger Kreisrat Marc Dreher (29 Jahre, Sozialplaner). Als stllv. Fraktionsvorsitzender unserer Fraktion hat sich Marc Dreher in der vergangenen Legislatur intensiv f\u00fcr die sozialen Belange im Landkreis eingesetzt. Die Verbindung von sozialer Gerechtigkeit, \u00f6kologischer Nachhaltigkeit und demokratischer Teilhabe wird auch im neu gew\u00e4hlten Kreistag der Leitfaden f\u00fcr die politische Arbeit sein. Auf der Liste folgen Dr. Jutta Zwaschka (2) sowie Cuno Brune-H\u00e4gele (3), Martin Seeger (4), Ulrich Spangenberger (5) und Georgia Efthimiopoulou (6).&nbsp;<\/p>\n<p>Unser Wahlprogramm finden Sie unter folgendem Link:<\/p>\n<div id=\"mceu_43\" class=\"wp-link-preview\"><a href=\"https:\/\/linke-bw.de\/ostfildern\/files\/2024\/04\/Kreistagswahlprogramm_Die-Linke-Kreis-Esslingen_2024.pdf\" target=\"_blank\" rel=\"noopener\">linke-bw.de\/\u2026\/Kreistagswahlprogramm_Die-Linke-Kreis-Esslingen_2024.pdf<\/a><\/div>\n","protected":false},"excerpt":{"rendered":"<p>Ab sofort k\u00f6nnen Sie sich unser in unserem ausf\u00fchrlichen Kreistagswahlprogramm &#8222;Kreispolitik mit links &#8211; aktiv, solidarisch und \u00f6kologisch nachhaltig&#8220; informieren! Im Zuge der Kommunalwahlen am 09.06.24, wird neben dem Gemeinderat auch der Kreistag des Landkreises Esslingen gew\u00e4hlt. Im Wahlkreis Ostfildern tritt Die Linke mit 6 Kandidatinnen und Kandidaten an. Platz 1 belegt unser bisheriger Kreisrat &hellip; <\/p>\n<p class=\"link-more\"><a href=\"https:\/\/linke-bw.de\/ostfildern\/2024\/04\/07\/unser-wahlprogramm-fuer-die-wahl-des-kreistags-esslingen\/\" class=\"more-link\"><span class=\"screen-reader-text\">\u201eUnser Wahlprogramm f\u00fcr die Wahl des Kreistags Esslingen\u201c<\/span> weiterlesen<\/a><\/p>\n","protected":false},"author":207,"featured_media":0,"comment_status":"closed","ping_status":"closed","sticky":false,"template":"","format":"standard","meta":{"ngg_post_thumbnail":0},"categories":[1],"tags":[],"_links":{"self":[{"href":"https:\/\/linke-bw.de\/ostfildern\/wp-json\/wp\/v2\/posts\/6424"}],"collection":[{"href":"https:\/\/linke-bw.de\/ostfildern\/wp-json\/wp\/v2\/posts"}],"about":[{"href":"https:\/\/linke-bw.de\/ostfildern\/wp-json\/wp\/v2\/types\/post"}],"author":[{"embeddable":true,"href":"https:\/\/linke-bw.de\/ostfildern\/wp-json\/wp\/v2\/users\/207"}],"replies":[{"embeddable":true,"href":"https:\/\/linke-bw.de\/ostfildern\/wp-json\/wp\/v2\/comments?post=6424"}],"version-history":[{"count":1,"href":"https:\/\/linke-bw.de\/ostfildern\/wp-json\/wp\/v2\/posts\/6424\/revisions"}],"predecessor-version":[{"id":6425,"href":"https:\/\/linke-bw.de\/ostfildern\/wp-json\/wp\/v2\/posts\/6424\/revisions\/6425"}],"wp:attachment":[{"href":"https:\/\/linke-bw.de\/ostfildern\/wp-json\/wp\/v2\/media?parent=6424"}],"wp:term":[{"taxonomy":"category","embeddable":true,"href":"https:\/\/linke-bw.de\/ostfildern\/wp-json\/wp\/v2\/categories?post=6424"},{"taxonomy":"post_tag","embeddable":true,"href":"https:\/\/linke-bw.de\/ostfildern\/wp-json\/wp\/v2\/tags?post=6424"}],"curies":[{"name":"wp","href":"https:\/\/api.w.org\/{rel}","templated":true}]}}