{"id":6429,"date":"2024-04-07T13:19:22","date_gmt":"2024-04-07T11:19:22","guid":{"rendered":"https:\/\/linke-bw.de\/ostfildern\/?p=6429"},"modified":"2024-04-20T21:37:27","modified_gmt":"2024-04-20T19:37:27","slug":"unser-spitzenkandidat-fuer-die-regionalwahl","status":"publish","type":"post","link":"https:\/\/linke-bw.de\/ostfildern\/2024\/04\/07\/unser-spitzenkandidat-fuer-die-regionalwahl\/","title":{"rendered":"Unser Spitzenkandidat f\u00fcr die Regionalwahl"},"content":{"rendered":"<p><img loading=\"lazy\" class=\"alignnone  wp-image-6508\" src=\"https:\/\/linke-bw.de\/ostfildern\/files\/2024\/04\/24-02_die-linke_Marc_01-214x300.jpg\" alt=\"\" width=\"424\" height=\"594\" srcset=\"https:\/\/linke-bw.de\/ostfildern\/files\/2024\/04\/24-02_die-linke_Marc_01-214x300.jpg 214w, https:\/\/linke-bw.de\/ostfildern\/files\/2024\/04\/24-02_die-linke_Marc_01-731x1024.jpg 731w, https:\/\/linke-bw.de\/ostfildern\/files\/2024\/04\/24-02_die-linke_Marc_01-768x1075.jpg 768w, https:\/\/linke-bw.de\/ostfildern\/files\/2024\/04\/24-02_die-linke_Marc_01-1097x1536.jpg 1097w, https:\/\/linke-bw.de\/ostfildern\/files\/2024\/04\/24-02_die-linke_Marc_01-1463x2048.jpg 1463w, https:\/\/linke-bw.de\/ostfildern\/files\/2024\/04\/24-02_die-linke_Marc_01-scaled.jpg 1829w\" sizes=\"(max-width: 424px) 100vw, 424px\" \/><\/p>\n<p>Liebe W\u00e4hlerinnen und W\u00e4hler,<\/p>\n<p>alle f\u00fcnf Jahre sind die Menschen in der Region aufgerufen, ihr \u201eregionales Parlament\u201c zu w\u00e4hlen: die Regionalversammlung. Im Landkreis Esslingen darf ich f\u00fcr Die Linke als Spitzenkandidat antreten. 1995 bin ich in Ostfildern geboren, wuchs im Scharnhauser Park auf und habe hier meine Kindheit und Jugend verbracht. Seit 2019 wohne ich in Esslingen, jedoch existieren weiterhin starke Bez\u00fcge nach Ostfildern. Von der Familie, \u00fcber den Proberaum meiner Band bis hin zur Planung von Konzerten im Zentrum Zinsholz \u2013 Ostfildern ist ein fester Bezugspunkt.<\/p>\n<p>Nach meinem Studium der Sozialwissenschaften an der Universit\u00e4t Stuttgart, bin ich seit diesem Jahr als Sozialplaner bei der Stadt G\u00f6ppingen t\u00e4tig. Die strategische Ausrichtung der kommunalen Sozialpolitik ist demnach mein Beruf und diese Expertise m\u00f6chte ich auch in die Regional-versammlung miteinbringen. Hier ist mir vor allem das Thema der bezahlbaren Mobilit\u00e4t (Einf\u00fchrung eines VVS-weiten Sozialtickets), sowie die regionale Kulturf\u00f6rderung besonders wichtig. Gerade letzteres ist mir als Musiker und ehrenamtlicher Konzertveranstalter ein Herzensanliegen. &nbsp;<\/p>\n<p><strong>Wichtig: Bei der Regionalwahl haben Sie nur eine Stimme f\u00fcr die Liste einer Partei. Wenn Sie also \u00fcberz<\/strong><strong>eugt sind, DIE LINKE in der Regionalversammlung zu st\u00e4rken, um die genannten politischen Vorhaben voran zu bringen, dann bitte ich Sie, ihr Kreuz bei unserer Liste zu machen. Gemeinsam machen wir die Region Stuttgart sozial, solidarisch und \u00f6kologisch nachhaltig!<\/strong><\/p>\n<p>Unser ausf\u00fchrliches Wahlprogramm finden Sie unter folgendem Link:<\/p>\n<p><a href=\"https:\/\/linke-bw.de\/ostfildern\/files\/2024\/04\/Die-Linke-Regionalwahlprogramm-2024.pdf\">Die Linke Regionalwahlprogramm 2024<\/a><\/p>\n","protected":false},"excerpt":{"rendered":"<p>Liebe W\u00e4hlerinnen und W\u00e4hler, alle f\u00fcnf Jahre sind die Menschen in der Region aufgerufen, ihr \u201eregionales Parlament\u201c zu w\u00e4hlen: die Regionalversammlung. Im Landkreis Esslingen darf ich f\u00fcr Die Linke als Spitzenkandidat antreten. 1995 bin ich in Ostfildern geboren, wuchs im Scharnhauser Park auf und habe hier meine Kindheit und Jugend verbracht. Seit 2019 wohne ich &hellip; <\/p>\n<p class=\"link-more\"><a href=\"https:\/\/linke-bw.de\/ostfildern\/2024\/04\/07\/unser-spitzenkandidat-fuer-die-regionalwahl\/\" class=\"more-link\"><span class=\"screen-reader-text\">\u201eUnser Spitzenkandidat f\u00fcr die Regionalwahl\u201c<\/span> weiterlesen<\/a><\/p>\n","protected":false},"author":207,"featured_media":0,"comment_status":"closed","ping_status":"closed","sticky":false,"template":"","format":"standard","meta":{"ngg_post_thumbnail":0},"categories":[25],"tags":[],"_links":{"self":[{"href":"https:\/\/linke-bw.de\/ostfildern\/wp-json\/wp\/v2\/posts\/6429"}],"collection":[{"href":"https:\/\/linke-bw.de\/ostfildern\/wp-json\/wp\/v2\/posts"}],"about":[{"href":"https:\/\/linke-bw.de\/ostfildern\/wp-json\/wp\/v2\/types\/post"}],"author":[{"embeddable":true,"href":"https:\/\/linke-bw.de\/ostfildern\/wp-json\/wp\/v2\/users\/207"}],"replies":[{"embeddable":true,"href":"https:\/\/linke-bw.de\/ostfildern\/wp-json\/wp\/v2\/comments?post=6429"}],"version-history":[{"count":4,"href":"https:\/\/linke-bw.de\/ostfildern\/wp-json\/wp\/v2\/posts\/6429\/revisions"}],"predecessor-version":[{"id":6510,"href":"https:\/\/linke-bw.de\/ostfildern\/wp-json\/wp\/v2\/posts\/6429\/revisions\/6510"}],"wp:attachment":[{"href":"https:\/\/linke-bw.de\/ostfildern\/wp-json\/wp\/v2\/media?parent=6429"}],"wp:term":[{"taxonomy":"category","embeddable":true,"href":"https:\/\/linke-bw.de\/ostfildern\/wp-json\/wp\/v2\/categories?post=6429"},{"taxonomy":"post_tag","embeddable":true,"href":"https:\/\/linke-bw.de\/ostfildern\/wp-json\/wp\/v2\/tags?post=6429"}],"curies":[{"name":"wp","href":"https:\/\/api.w.org\/{rel}","templated":true}]}}